{"id":578,"date":"2017-10-08T23:15:26","date_gmt":"2017-10-08T21:15:26","guid":{"rendered":"http:\/\/rajdgrodzki.pl\/?p=578"},"modified":"2017-10-09T19:48:57","modified_gmt":"2017-10-09T17:48:57","slug":"ruszyly-zgloszenia-na-3-rajd-grodzki-2","status":"publish","type":"post","link":"https:\/\/rajdgrodzki.pl\/index.php\/2017\/10\/08\/ruszyly-zgloszenia-na-3-rajd-grodzki-2\/","title":{"rendered":"Ruszy\u0142y zg\u0142oszenia na 3.Rajd Grodzki"},"content":{"rendered":"<p><a href=\"http:\/\/rajdgrodzki.pl\/wp-content\/uploads\/2017\/10\/IMG_0067.jpg\"><img decoding=\"async\" loading=\"lazy\" class=\"alignnone size-medium wp-image-574 alignleft\" src=\"http:\/\/rajdgrodzki.pl\/wp-content\/uploads\/2017\/10\/IMG_0067-300x200.jpg\" alt=\"IMG_0067\" width=\"300\" height=\"200\" srcset=\"https:\/\/rajdgrodzki.pl\/wp-content\/uploads\/2017\/10\/IMG_0067-300x200.jpg 300w, https:\/\/rajdgrodzki.pl\/wp-content\/uploads\/2017\/10\/IMG_0067-1024x683.jpg 1024w\" sizes=\"(max-width: 300px) 100vw, 300px\" \/><\/a><\/p>\n<p style=\"text-align: justify\">Zawodnicy, kt\u00f3rzy chc\u0105 wzi\u0105\u0107 udzia\u0142 w Rajdzie Grodzkim mog\u0105 ju\u017c nadsy\u0142a\u0107 zg\u0142oszenia. Tegoroczna edycja b\u0119dzie decydowa\u0107 o mistrzowskich tytu\u0142ach,\u00a0 w MOTUL Historycznych Rajdowych Samochodowych Mistrzostwach Polski, DISLA Rajdowych Samochodowych Mistrzostw Podkarpacia oraz Mistrzostw Okr\u0119gu Rzeszowskiego PZM w SuperKJS. Na zawodnik\u00f3w czeka 6 odcink\u00f3w specjalnych o \u0142\u0105cznej d\u0142ugo\u015bci 45,93 km, a ca\u0142kowita d\u0142ugo\u015b\u0107 trasy to 156 km. Baza Rajdu zostanie zlokalizowana na terenie Biecza, gdzie r\u00f3wnie\u017c odb\u0119dzie si\u0119 start badanie kontrolne, start honorowy oraz rozdanie nagr\u00f3d. Zg\u0142oszenia przyjmowane s\u0105 do niedzieli, 22 pa\u017adziernika. Szczeg\u00f3\u0142y na stronie <a href=\"http:\/\/www.rajdgrodzki.pl\">www.rajdgrodzki.pl<\/a>, w zak\u0142adce <em>Zawodnicy.<\/em><\/p>\n<p style=\"text-align: justify\"><em>\u00a0<\/em>Serdecznie zapraszamy,<\/p>\n","protected":false},"excerpt":{"rendered":"<p>Zawodnicy, kt\u00f3rzy chc\u0105 wzi\u0105\u0107 udzia\u0142 w Rajdzie Grodzkim mog\u0105 ju\u017c nadsy\u0142a\u0107 zg\u0142oszenia. Tegoroczna edycja b\u0119dzie decydowa\u0107 o mistrzowskich tytu\u0142ach,\u00a0 w MOTUL Historycznych Rajdowych Samochodowych Mistrzostwach Polski, DISLA Rajdowych Samochodowych Mistrzostw Podkarpacia oraz Mistrzostw Okr\u0119gu Rzeszowskiego<a class=\"read-more\" href=\"https:\/\/rajdgrodzki.pl\/index.php\/2017\/10\/08\/ruszyly-zgloszenia-na-3-rajd-grodzki-2\/\">Continue reading<\/a><\/p>\n","protected":false},"author":4,"featured_media":0,"comment_status":"closed","ping_status":"open","sticky":false,"template":"","format":"standard","meta":[],"categories":[6],"tags":[],"_links":{"self":[{"href":"https:\/\/rajdgrodzki.pl\/index.php\/wp-json\/wp\/v2\/posts\/578"}],"collection":[{"href":"https:\/\/rajdgrodzki.pl\/index.php\/wp-json\/wp\/v2\/posts"}],"about":[{"href":"https:\/\/rajdgrodzki.pl\/index.php\/wp-json\/wp\/v2\/types\/post"}],"author":[{"embeddable":true,"href":"https:\/\/rajdgrodzki.pl\/index.php\/wp-json\/wp\/v2\/users\/4"}],"replies":[{"embeddable":true,"href":"https:\/\/rajdgrodzki.pl\/index.php\/wp-json\/wp\/v2\/comments?post=578"}],"version-history":[{"count":3,"href":"https:\/\/rajdgrodzki.pl\/index.php\/wp-json\/wp\/v2\/posts\/578\/revisions"}],"predecessor-version":[{"id":583,"href":"https:\/\/rajdgrodzki.pl\/index.php\/wp-json\/wp\/v2\/posts\/578\/revisions\/583"}],"wp:attachment":[{"href":"https:\/\/rajdgrodzki.pl\/index.php\/wp-json\/wp\/v2\/media?parent=578"}],"wp:term":[{"taxonomy":"category","embeddable":true,"href":"https:\/\/rajdgrodzki.pl\/index.php\/wp-json\/wp\/v2\/categories?post=578"},{"taxonomy":"post_tag","embeddable":true,"href":"https:\/\/rajdgrodzki.pl\/index.php\/wp-json\/wp\/v2\/tags?post=578"}],"curies":[{"name":"wp","href":"https:\/\/api.w.org\/{rel}","templated":true}]}}