{"id":565,"date":"2017-10-08T18:39:36","date_gmt":"2017-10-08T16:39:36","guid":{"rendered":"http:\/\/rajdgrodzki.pl\/?p=565"},"modified":"2017-10-09T19:20:50","modified_gmt":"2017-10-09T17:20:50","slug":"3-rajd-grodzki-jedzie-dla-marka-i-innych-potrzebujacych","status":"publish","type":"post","link":"https:\/\/rajdgrodzki.pl\/index.php\/2017\/10\/08\/3-rajd-grodzki-jedzie-dla-marka-i-innych-potrzebujacych\/","title":{"rendered":"3 Rajd Grodzki jedzie dla &#8222;Marka i innych potrzebuj\u0105cych&#8221;"},"content":{"rendered":"<p><i><b>Podczas 3 Rajd Grodzkiego b\u0119d\u0105cego 6 rund\u0105 HRSMP, 3 rund\u0105 RSMPk oraz 3 rund\u0105 MOR w Super KJS-e na terenie Biecza, Gorlic oraz Jas\u0142a w dniach 28-29.10.2017 roku odb\u0119dzie si\u0119 Akcja Rejestracja Potencjalnych Dawc\u00f3w Szpiku.<br \/>\nZapraszamy wszystkich do rejestracji.\u00a0 <\/b><\/i><\/p>\n<p><a href=\"http:\/\/autobiecz.pl\/download\/2017\/grodzki\/plakat.png\"><img decoding=\"async\" loading=\"lazy\" class=\"alignnone\" src=\"http:\/\/autobiecz.pl\/download\/2017\/grodzki\/plakat.png\" alt=\"\" width=\"2844\" height=\"3870\" \/><\/a><\/p>\n","protected":false},"excerpt":{"rendered":"<p>Podczas 3 Rajd Grodzkiego b\u0119d\u0105cego 6 rund\u0105 HRSMP, 3 rund\u0105 RSMPk oraz 3 rund\u0105 MOR w Super KJS-e na terenie Biecza, Gorlic oraz Jas\u0142a w dniach 28-29.10.2017 roku odb\u0119dzie si\u0119 Akcja Rejestracja Potencjalnych Dawc\u00f3w Szpiku.<a class=\"read-more\" href=\"https:\/\/rajdgrodzki.pl\/index.php\/2017\/10\/08\/3-rajd-grodzki-jedzie-dla-marka-i-innych-potrzebujacych\/\">Continue reading<\/a><\/p>\n","protected":false},"author":3,"featured_media":0,"comment_status":"closed","ping_status":"open","sticky":false,"template":"","format":"standard","meta":[],"categories":[6],"tags":[],"_links":{"self":[{"href":"https:\/\/rajdgrodzki.pl\/index.php\/wp-json\/wp\/v2\/posts\/565"}],"collection":[{"href":"https:\/\/rajdgrodzki.pl\/index.php\/wp-json\/wp\/v2\/posts"}],"about":[{"href":"https:\/\/rajdgrodzki.pl\/index.php\/wp-json\/wp\/v2\/types\/post"}],"author":[{"embeddable":true,"href":"https:\/\/rajdgrodzki.pl\/index.php\/wp-json\/wp\/v2\/users\/3"}],"replies":[{"embeddable":true,"href":"https:\/\/rajdgrodzki.pl\/index.php\/wp-json\/wp\/v2\/comments?post=565"}],"version-history":[{"count":3,"href":"https:\/\/rajdgrodzki.pl\/index.php\/wp-json\/wp\/v2\/posts\/565\/revisions"}],"predecessor-version":[{"id":581,"href":"https:\/\/rajdgrodzki.pl\/index.php\/wp-json\/wp\/v2\/posts\/565\/revisions\/581"}],"wp:attachment":[{"href":"https:\/\/rajdgrodzki.pl\/index.php\/wp-json\/wp\/v2\/media?parent=565"}],"wp:term":[{"taxonomy":"category","embeddable":true,"href":"https:\/\/rajdgrodzki.pl\/index.php\/wp-json\/wp\/v2\/categories?post=565"},{"taxonomy":"post_tag","embeddable":true,"href":"https:\/\/rajdgrodzki.pl\/index.php\/wp-json\/wp\/v2\/tags?post=565"}],"curies":[{"name":"wp","href":"https:\/\/api.w.org\/{rel}","templated":true}]}}